{"id":600,"date":"2022-02-08T20:30:11","date_gmt":"2022-02-08T20:30:11","guid":{"rendered":"http:\/\/www.brakelradau.de\/wordpress\/?p=600"},"modified":"2023-01-10T21:56:49","modified_gmt":"2023-01-10T21:56:49","slug":"aktionen-zum-karneval-2022","status":"publish","type":"post","link":"http:\/\/www.brakelradau.de\/wordpress\/index.php\/2022\/02\/08\/aktionen-zum-karneval-2022\/","title":{"rendered":"Aktionen zum Karneval 2022"},"content":{"rendered":"\n<figure class=\"wp-block-image size-full is-resized\"><img loading=\"lazy\" decoding=\"async\" src=\"http:\/\/www.brakelradau.de\/wordpress\/wp-content\/uploads\/2022\/02\/Flyer_Aktionen_2022.jpg\" alt=\"\" class=\"wp-image-599\" width=\"276\" height=\"391\" srcset=\"http:\/\/www.brakelradau.de\/wordpress\/wp-content\/uploads\/2022\/02\/Flyer_Aktionen_2022.jpg 656w, http:\/\/www.brakelradau.de\/wordpress\/wp-content\/uploads\/2022\/02\/Flyer_Aktionen_2022-211x300.jpg 211w, http:\/\/www.brakelradau.de\/wordpress\/wp-content\/uploads\/2022\/02\/Flyer_Aktionen_2022-600x852.jpg 600w\" sizes=\"auto, (max-width: 276px) 100vw, 276px\" \/><\/figure>\n\n\n\n<h2 class=\"wp-block-heading\" id=\"1-malwettbewerb-fur-kinder-und-jugendliche-im-alter-von-3-bis-15-jahre-preisverlosung-unter-allen-einsendungen\">1. Malwettbewerb f\u00fcr Kinder und Jugendliche im Alter von 3 bis 15 Jahre &#8211; Preisverlosung unter allen Einsendungen<\/h2>\n\n\n\n<p>Bei dieser Aktion geht es darum, dass alle Kinder und Jugendlichen ein Bild malen zum Thema: <br><strong>&#8222;So sieht mein Karnevalsumzug aus&#8220;<\/strong><br>Leider muss ja der Umzug auch in diesem Jahr wieder ausfallen. Durch eure tollen Ideen und Motive wollen wir den Umzug aber zum virtuellen Leben erwecken. Eure Bilder werden auf unserer Facebook-Seite, auf Instagram und auf unserer Homepage ver\u00f6ffentlicht. Gemeinsam machen wir den Karneval trotz Corona bunt und lebendig. Aus allen Einsendungen werden wir durch eine Jury die 3 Gewinner in den jeweiligen Altersgruppen ermitteln. Alle Gewinner d\u00fcrfen sich auf einen tollen Preis freuen. <br>Eine Barauszahlung der Gewinne ist nicht m\u00f6glich.<\/p>\n\n\n\n<p>Die Altersgruppen-Einteilung ist wie folgt:<br>1. 3 bis 6 Jahre<br>2. 7 bis 10 Jahre<br>3. 11 bis 15 Jahre<\/p>\n\n\n\n<p>Macht einfach ein Foto eurer Bilder oder scannt sie ein und sendet die Bilder mit eurem Namen, Alter und eurer Adresse sowie einer Telefonnummer per E-Mail an: info@BrakelRadau.de<br>Eure Daten werden nur zur Abwicklung des Wettbewerbs genutzt und anschlie\u00dfend wieder gel\u00f6scht.<\/p>\n\n\n\n<h3 class=\"wp-block-heading\" id=\"wir-wunschen-viel-spass\">Wir w\u00fcnschen viel Spass !<\/h3>\n\n\n\n<h2 class=\"wp-block-heading\" id=\"2-wir-verkaufen-karnevals-button-und-spenden-den-reinerlos-dieser-aktion-der-jugendfreizeitstatte-brakel-jeder-gekaufte-button-berechtigt-zur-teilnahme-an-einer-verlosung-hauptpreis-ist-eine-werbering-gutschein-im-wert-von-100-euro\">2. Wir verkaufen Karnevals-Button und spenden den Reinerl\u00f6s dieser Aktion der Jugendfreizeitst\u00e4tte Brakel &#8211; jeder gekaufte Button berechtigt zur Teilnahme an einer Verlosung &#8211; Hauptpreis ist eine Werbering-Gutschein im Wert von 100 Euro<\/h2>\n\n\n\n<p>Mit dieser Aktion m\u00f6chten wir zeigen wie gro\u00df unsere Vorfreude auf ein hoffentlich in 2023 wieder wie gewohnt stattfindenden Karneval ist. Denn wie es unser Button ausdr\u00fcckt : &#8222;Ohne Karneval ist alles doof&#8220;<br>Die Button werden gegen eine Spende von mindestens 2 Euro ausgegeben (mehr ist nat\u00fcrlich auch sch\u00f6n \ud83d\ude42 <br>Der Reinerl\u00f6s der Aktion geht als Spende an die Jugendfreizeitst\u00e4tte Brakel.<\/p>\n\n\n\n<p>Die Button k\u00f6nnen in folgenden Gesch\u00e4ften erworben werden:<br>1. Friseur und Lounge bei Conny &#8211; Warburger Stra\u00dfe 14<br>2. Marios Diner &#8211; Kl\u00f6ckerstra\u00dfe 6<br>3. Blumenstudio Wecker &#8211; Am Markt 2<\/p>\n\n\n\n<p>Jeder Button berechtigt durch seine Losnummer (auf der R\u00fcckseite des Button) zur Teilnahme an unserer Verlosung.<br>Die Gewinner-Button werden am Rosenmontag in unseren sozialen Medien und auf unserer Homepage bekannt gegeben.<br>Eine Barauszahlung der Gewinne ist nicht m\u00f6glich. Das Los entscheidet. Der Rechtsweg ist ausgeschlossen.<\/p>\n\n\n\n<h3 class=\"wp-block-heading\" id=\"wir-wunschen-viel-erfolg\">Wir w\u00fcnschen viel Erfolg !<\/h3>\n","protected":false},"excerpt":{"rendered":"<p>1. Malwettbewerb f\u00fcr Kinder und Jugendliche im Alter von 3 bis 15 Jahre &#8211; Preisverlosung unter allen Einsendungen Bei dieser Aktion geht es darum, dass alle Kinder und Jugendlichen ein Bild malen zum Thema: &#8222;So sieht mein Karnevalsumzug aus&#8220;Leider muss ja der Umzug auch in diesem Jahr wieder ausfallen. Durch eure tollen Ideen und Motive [&hellip;]<\/p>\n","protected":false},"author":1,"featured_media":608,"comment_status":"closed","ping_status":"closed","sticky":false,"template":"","format":"standard","meta":{"footnotes":""},"categories":[6],"tags":[],"class_list":["post-600","post","type-post","status-publish","format-standard","has-post-thumbnail","hentry","category-aktuell"],"_links":{"self":[{"href":"http:\/\/www.brakelradau.de\/wordpress\/index.php\/wp-json\/wp\/v2\/posts\/600","targetHints":{"allow":["GET"]}}],"collection":[{"href":"http:\/\/www.brakelradau.de\/wordpress\/index.php\/wp-json\/wp\/v2\/posts"}],"about":[{"href":"http:\/\/www.brakelradau.de\/wordpress\/index.php\/wp-json\/wp\/v2\/types\/post"}],"author":[{"embeddable":true,"href":"http:\/\/www.brakelradau.de\/wordpress\/index.php\/wp-json\/wp\/v2\/users\/1"}],"replies":[{"embeddable":true,"href":"http:\/\/www.brakelradau.de\/wordpress\/index.php\/wp-json\/wp\/v2\/comments?post=600"}],"version-history":[{"count":5,"href":"http:\/\/www.brakelradau.de\/wordpress\/index.php\/wp-json\/wp\/v2\/posts\/600\/revisions"}],"predecessor-version":[{"id":605,"href":"http:\/\/www.brakelradau.de\/wordpress\/index.php\/wp-json\/wp\/v2\/posts\/600\/revisions\/605"}],"wp:featuredmedia":[{"embeddable":true,"href":"http:\/\/www.brakelradau.de\/wordpress\/index.php\/wp-json\/wp\/v2\/media\/608"}],"wp:attachment":[{"href":"http:\/\/www.brakelradau.de\/wordpress\/index.php\/wp-json\/wp\/v2\/media?parent=600"}],"wp:term":[{"taxonomy":"category","embeddable":true,"href":"http:\/\/www.brakelradau.de\/wordpress\/index.php\/wp-json\/wp\/v2\/categories?post=600"},{"taxonomy":"post_tag","embeddable":true,"href":"http:\/\/www.brakelradau.de\/wordpress\/index.php\/wp-json\/wp\/v2\/tags?post=600"}],"curies":[{"name":"wp","href":"https:\/\/api.w.org\/{rel}","templated":true}]}}