{"id":440,"date":"2019-10-27T09:54:00","date_gmt":"2019-10-27T09:54:00","guid":{"rendered":"http:\/\/www.brakelradau.de\/wordpress\/?p=440"},"modified":"2020-01-04T19:55:54","modified_gmt":"2020-01-04T19:55:54","slug":"jahreshauptversammlung","status":"publish","type":"post","link":"https:\/\/www.brakelradau.de\/wordpress\/index.php\/2019\/10\/27\/jahreshauptversammlung\/","title":{"rendered":"Jahreshauptversammlung"},"content":{"rendered":"\n<p>An alle Mitglieder,<\/p>\n\n\n\n<p>am Sonntag, den 17.11.2019 findet um 18 Uhr unsere Jahreshauptversammlung in der Gast\u00e4tte &#8222;Zum Bierbrunnen&#8220; statt.<\/p>\n\n\n\n<p>Wer kommen m\u00f6chte, m\u00f6ge sich bitte \u00fcber den folgenden Link in die Teilnehmerliste eintragen, damit wir besser planen k\u00f6nnen.<\/p>\n\n\n\n<p><a href=\"https:\/\/doodle.com\/poll\/ez67438d7ahh37bs\">https:\/\/doodle.com\/poll\/ez67438d7ahh37bs<\/a><\/p>\n","protected":false},"excerpt":{"rendered":"<p>An alle Mitglieder, am Sonntag, den 17.11.2019 findet um 18 Uhr unsere Jahreshauptversammlung in der Gast\u00e4tte &#8222;Zum Bierbrunnen&#8220; statt. Wer kommen m\u00f6chte, m\u00f6ge sich bitte \u00fcber den folgenden Link in die Teilnehmerliste eintragen, damit wir besser planen k\u00f6nnen. https:\/\/doodle.com\/poll\/ez67438d7ahh37bs<\/p>\n","protected":false},"author":1,"featured_media":0,"comment_status":"open","ping_status":"closed","sticky":false,"template":"","format":"standard","meta":{"footnotes":""},"categories":[3],"tags":[],"class_list":["post-440","post","type-post","status-publish","format-standard","hentry","category-allgemein"],"_links":{"self":[{"href":"https:\/\/www.brakelradau.de\/wordpress\/index.php\/wp-json\/wp\/v2\/posts\/440","targetHints":{"allow":["GET"]}}],"collection":[{"href":"https:\/\/www.brakelradau.de\/wordpress\/index.php\/wp-json\/wp\/v2\/posts"}],"about":[{"href":"https:\/\/www.brakelradau.de\/wordpress\/index.php\/wp-json\/wp\/v2\/types\/post"}],"author":[{"embeddable":true,"href":"https:\/\/www.brakelradau.de\/wordpress\/index.php\/wp-json\/wp\/v2\/users\/1"}],"replies":[{"embeddable":true,"href":"https:\/\/www.brakelradau.de\/wordpress\/index.php\/wp-json\/wp\/v2\/comments?post=440"}],"version-history":[{"count":2,"href":"https:\/\/www.brakelradau.de\/wordpress\/index.php\/wp-json\/wp\/v2\/posts\/440\/revisions"}],"predecessor-version":[{"id":442,"href":"https:\/\/www.brakelradau.de\/wordpress\/index.php\/wp-json\/wp\/v2\/posts\/440\/revisions\/442"}],"wp:attachment":[{"href":"https:\/\/www.brakelradau.de\/wordpress\/index.php\/wp-json\/wp\/v2\/media?parent=440"}],"wp:term":[{"taxonomy":"category","embeddable":true,"href":"https:\/\/www.brakelradau.de\/wordpress\/index.php\/wp-json\/wp\/v2\/categories?post=440"},{"taxonomy":"post_tag","embeddable":true,"href":"https:\/\/www.brakelradau.de\/wordpress\/index.php\/wp-json\/wp\/v2\/tags?post=440"}],"curies":[{"name":"wp","href":"https:\/\/api.w.org\/{rel}","templated":true}]}}