{"id":572,"date":"2021-02-16T19:54:55","date_gmt":"2021-02-16T19:54:55","guid":{"rendered":"http:\/\/www.brakelradau.de\/wordpress\/?p=572"},"modified":"2021-02-16T20:00:08","modified_gmt":"2021-02-16T20:00:08","slug":"anstatt-umzug-elferratsmitglied-friederike-laeuft-umzugstrecke-11-x-und-legt-dabei-1111-km-bei-11-grad-zurueck","status":"publish","type":"post","link":"https:\/\/www.brakelradau.de\/wordpress\/index.php\/2021\/02\/16\/anstatt-umzug-elferratsmitglied-friederike-laeuft-umzugstrecke-11-x-und-legt-dabei-1111-km-bei-11-grad-zurueck\/","title":{"rendered":"Anstatt Umzug &#8211; Elferratsmitglied Friederike l\u00e4uft Umzugstrecke 11 x und legt dabei 11,11 km bei -11 Grad zur\u00fcck"},"content":{"rendered":"\n<p>Am Umzug-Samstag p\u00fcnktlich um 11:11 startete Friederike zu ihren 11 Umzugsrunden. Lustigerweise zeigte selbst das Thermometer -11 Grad. Beste Vorrausetzungen also. Am Ende standen 11,11 km auf dem Zeiger des Garmin. Die Aktion kam sehr gut an. <br>Die L\u00e4uferin, die auf einigen Runden (nat\u00fcrlich mit angemessenem Abstand) noch von ihrem Mann Reiner, ihrer Schwester Franziska und Ellen und Anne S\u00fcnkeler begleitet wurde, bekam tollen Zuspruch von den Passanten, die die Aktion der ambitionierten Non-Stop-Ultra L\u00e4uferin allesamt toll fanden und so schallte auch der ein oder andere Brakel Radau Ruf durch die Fu\u00dfg\u00e4ngerzone.<br>So k\u00f6nnen wir stolz behaupten, dass unser Umzug nicht ganz ausgefallen ist, sondern nur in einer etwas anderen Form stattgefunden hat.<br>Als Anerkennung der tollen Leistung wird die Mutter der L\u00e4uferin (Angelika Schl\u00fctz vom Pflegedienst &#8211; die Pflege), die gleichzeitig auch die Oma des Kinderprinzen ist, dem Verein f\u00fcr seine Jugendarbeit je Runde die gelaufen wurde, eine Spende \u00fcberreichen. Vielen Dank<br>Einen Tag sp\u00e4ter nahm dann noch unser Hofmarschall Steffen Rehermann am virtuellen Karnevalslauf teil. Er trug sich mit 6,66 km in die Liste der fast 2500 Teilnehmer in ganz Deutschland ein.<\/p>\n\n\n\n<figure class=\"wp-block-image size-large\"><img loading=\"lazy\" decoding=\"async\" width=\"819\" height=\"1024\" src=\"http:\/\/www.brakelradau.de\/wordpress\/wp-content\/uploads\/2021\/02\/ME_00002-1-819x1024.jpg\" alt=\"\" class=\"wp-image-575\" srcset=\"https:\/\/www.brakelradau.de\/wordpress\/wp-content\/uploads\/2021\/02\/ME_00002-1-819x1024.jpg 819w, https:\/\/www.brakelradau.de\/wordpress\/wp-content\/uploads\/2021\/02\/ME_00002-1-240x300.jpg 240w, https:\/\/www.brakelradau.de\/wordpress\/wp-content\/uploads\/2021\/02\/ME_00002-1-768x960.jpg 768w, https:\/\/www.brakelradau.de\/wordpress\/wp-content\/uploads\/2021\/02\/ME_00002-1-1229x1536.jpg 1229w, https:\/\/www.brakelradau.de\/wordpress\/wp-content\/uploads\/2021\/02\/ME_00002-1-600x750.jpg 600w, https:\/\/www.brakelradau.de\/wordpress\/wp-content\/uploads\/2021\/02\/ME_00002-1-48x60.jpg 48w, https:\/\/www.brakelradau.de\/wordpress\/wp-content\/uploads\/2021\/02\/ME_00002-1-72x90.jpg 72w, https:\/\/www.brakelradau.de\/wordpress\/wp-content\/uploads\/2021\/02\/ME_00002-1.jpg 1440w\" sizes=\"auto, (max-width: 819px) 100vw, 819px\" \/><\/figure>\n\n\n\n<figure class=\"wp-block-image size-large\"><img loading=\"lazy\" decoding=\"async\" width=\"1024\" height=\"819\" src=\"http:\/\/www.brakelradau.de\/wordpress\/wp-content\/uploads\/2021\/02\/ME_00006-1024x819.jpg\" alt=\"\" class=\"wp-image-576\" srcset=\"https:\/\/www.brakelradau.de\/wordpress\/wp-content\/uploads\/2021\/02\/ME_00006-1024x819.jpg 1024w, https:\/\/www.brakelradau.de\/wordpress\/wp-content\/uploads\/2021\/02\/ME_00006-300x240.jpg 300w, https:\/\/www.brakelradau.de\/wordpress\/wp-content\/uploads\/2021\/02\/ME_00006-768x614.jpg 768w, https:\/\/www.brakelradau.de\/wordpress\/wp-content\/uploads\/2021\/02\/ME_00006-1536x1229.jpg 1536w, https:\/\/www.brakelradau.de\/wordpress\/wp-content\/uploads\/2021\/02\/ME_00006-600x480.jpg 600w, https:\/\/www.brakelradau.de\/wordpress\/wp-content\/uploads\/2021\/02\/ME_00006-75x60.jpg 75w, https:\/\/www.brakelradau.de\/wordpress\/wp-content\/uploads\/2021\/02\/ME_00006-113x90.jpg 113w, https:\/\/www.brakelradau.de\/wordpress\/wp-content\/uploads\/2021\/02\/ME_00006.jpg 1800w\" sizes=\"auto, (max-width: 1024px) 100vw, 1024px\" \/><\/figure>\n\n\n\n<figure class=\"wp-block-image size-large\"><img loading=\"lazy\" decoding=\"async\" width=\"819\" height=\"1024\" src=\"http:\/\/www.brakelradau.de\/wordpress\/wp-content\/uploads\/2021\/02\/ME_00056-819x1024.jpg\" alt=\"\" class=\"wp-image-577\" srcset=\"https:\/\/www.brakelradau.de\/wordpress\/wp-content\/uploads\/2021\/02\/ME_00056-819x1024.jpg 819w, https:\/\/www.brakelradau.de\/wordpress\/wp-content\/uploads\/2021\/02\/ME_00056-240x300.jpg 240w, https:\/\/www.brakelradau.de\/wordpress\/wp-content\/uploads\/2021\/02\/ME_00056-768x960.jpg 768w, https:\/\/www.brakelradau.de\/wordpress\/wp-content\/uploads\/2021\/02\/ME_00056-1229x1536.jpg 1229w, https:\/\/www.brakelradau.de\/wordpress\/wp-content\/uploads\/2021\/02\/ME_00056-600x750.jpg 600w, https:\/\/www.brakelradau.de\/wordpress\/wp-content\/uploads\/2021\/02\/ME_00056-48x60.jpg 48w, https:\/\/www.brakelradau.de\/wordpress\/wp-content\/uploads\/2021\/02\/ME_00056-72x90.jpg 72w, https:\/\/www.brakelradau.de\/wordpress\/wp-content\/uploads\/2021\/02\/ME_00056.jpg 1440w\" sizes=\"auto, (max-width: 819px) 100vw, 819px\" \/><\/figure>\n","protected":false},"excerpt":{"rendered":"<p>Am Umzug-Samstag p\u00fcnktlich um 11:11 startete Friederike zu ihren 11 Umzugsrunden. Lustigerweise zeigte selbst das Thermometer -11 Grad. Beste Vorrausetzungen also. Am Ende standen 11,11 km auf dem Zeiger des Garmin. Die Aktion kam sehr gut an. Die L\u00e4uferin, die auf einigen Runden (nat\u00fcrlich mit angemessenem Abstand) noch von ihrem Mann Reiner, ihrer Schwester Franziska [&hellip;]<\/p>\n","protected":false},"author":1,"featured_media":573,"comment_status":"closed","ping_status":"closed","sticky":false,"template":"","format":"standard","meta":{"footnotes":""},"categories":[6],"tags":[],"class_list":["post-572","post","type-post","status-publish","format-standard","has-post-thumbnail","hentry","category-aktuell"],"_links":{"self":[{"href":"https:\/\/www.brakelradau.de\/wordpress\/index.php\/wp-json\/wp\/v2\/posts\/572","targetHints":{"allow":["GET"]}}],"collection":[{"href":"https:\/\/www.brakelradau.de\/wordpress\/index.php\/wp-json\/wp\/v2\/posts"}],"about":[{"href":"https:\/\/www.brakelradau.de\/wordpress\/index.php\/wp-json\/wp\/v2\/types\/post"}],"author":[{"embeddable":true,"href":"https:\/\/www.brakelradau.de\/wordpress\/index.php\/wp-json\/wp\/v2\/users\/1"}],"replies":[{"embeddable":true,"href":"https:\/\/www.brakelradau.de\/wordpress\/index.php\/wp-json\/wp\/v2\/comments?post=572"}],"version-history":[{"count":3,"href":"https:\/\/www.brakelradau.de\/wordpress\/index.php\/wp-json\/wp\/v2\/posts\/572\/revisions"}],"predecessor-version":[{"id":581,"href":"https:\/\/www.brakelradau.de\/wordpress\/index.php\/wp-json\/wp\/v2\/posts\/572\/revisions\/581"}],"wp:featuredmedia":[{"embeddable":true,"href":"https:\/\/www.brakelradau.de\/wordpress\/index.php\/wp-json\/wp\/v2\/media\/573"}],"wp:attachment":[{"href":"https:\/\/www.brakelradau.de\/wordpress\/index.php\/wp-json\/wp\/v2\/media?parent=572"}],"wp:term":[{"taxonomy":"category","embeddable":true,"href":"https:\/\/www.brakelradau.de\/wordpress\/index.php\/wp-json\/wp\/v2\/categories?post=572"},{"taxonomy":"post_tag","embeddable":true,"href":"https:\/\/www.brakelradau.de\/wordpress\/index.php\/wp-json\/wp\/v2\/tags?post=572"}],"curies":[{"name":"wp","href":"https:\/\/api.w.org\/{rel}","templated":true}]}}