{"id":2402,"date":"2025-01-13T20:36:12","date_gmt":"2025-01-13T19:36:12","guid":{"rendered":"https:\/\/www.brakelradau.de\/wordpress_a\/?p=2402"},"modified":"2025-01-13T20:36:12","modified_gmt":"2025-01-13T19:36:12","slug":"traditionelles-kraenzen-beim-prinzen","status":"publish","type":"post","link":"https:\/\/www.brakelradau.de\/wordpress_a\/2025\/01\/traditionelles-kraenzen-beim-prinzen\/","title":{"rendered":"Traditionelles Kr\u00e4nzen beim Prinzen"},"content":{"rendered":"\n<div class=\"wp-block-uagb-image aligncenter uagb-block-187063f9 wp-block-uagb-image--layout-default wp-block-uagb-image--effect-static wp-block-uagb-image--align-center\"><figure class=\"wp-block-uagb-image__figure\"><img decoding=\"async\" srcset=\"https:\/\/www.brakelradau.de\/wordpress_a\/wp-content\/uploads\/2025\/01\/Radau_Kraenzen_2025-1.jpg ,https:\/\/www.brakelradau.de\/wordpress_a\/wp-content\/uploads\/2025\/01\/Radau_Kraenzen_2025-1.jpg 780w, https:\/\/www.brakelradau.de\/wordpress_a\/wp-content\/uploads\/2025\/01\/Radau_Kraenzen_2025-1.jpg 360w\" sizes=\"auto, (max-width: 480px) 150px\" src=\"https:\/\/www.brakelradau.de\/wordpress_a\/wp-content\/uploads\/2025\/01\/Radau_Kraenzen_2025-1.jpg\" alt=\"\" class=\"uag-image-2387\" width=\"600\" height=\"400\" title=\"Radau_Kr\u00e4nzen_2025-1\" loading=\"lazy\" role=\"img\"\/><\/figure><\/div>\n\n\n\n<p><strong>Brakel, 12.01.2025<\/strong><br>Traditionell fand am Tag nach der Proklamation das Kr\u00e4nzen statt.<br>Die Karnevalisten von Brakel Radau versammelten sich dazu am fr\u00fchen Nachmittag bei Prinz Andreas II.<br>Den eisigen Temperaturen zum Trotz wurden Kranz und Stra\u00dfenschild professionell angebracht.<br>Anschlie\u00dfend wurde auf den neuen Prinzen mit einem dreifach donnernden Brakel Radau angesto\u00dfen.<\/p>\n\n\n\n<div class=\"wp-block-uagb-container uagb-block-86a815c4 alignfull uagb-is-root-container\"><div class=\"uagb-container-inner-blocks-wrap\">\n<div class=\"wp-block-uagb-container uagb-block-417dacd0\">\n<div class=\"wp-block-uagb-image uagb-block-509e240e wp-block-uagb-image--layout-default wp-block-uagb-image--effect-static wp-block-uagb-image--align-none\"><figure class=\"wp-block-uagb-image__figure\"><img decoding=\"async\" srcset=\"https:\/\/www.brakelradau.de\/wordpress_a\/wp-content\/uploads\/2025\/01\/Radau_Kraenzen_2025-3.jpg ,https:\/\/www.brakelradau.de\/wordpress_a\/wp-content\/uploads\/2025\/01\/Radau_Kraenzen_2025-3.jpg 780w, https:\/\/www.brakelradau.de\/wordpress_a\/wp-content\/uploads\/2025\/01\/Radau_Kraenzen_2025-3.jpg 360w\" sizes=\"auto, (max-width: 480px) 150px\" src=\"https:\/\/www.brakelradau.de\/wordpress_a\/wp-content\/uploads\/2025\/01\/Radau_Kraenzen_2025-3.jpg\" alt=\"\" class=\"uag-image-2389\" width=\"600\" height=\"400\" title=\"Radau_Kr\u00e4nzen_2025-3\" loading=\"lazy\" role=\"img\"\/><\/figure><\/div>\n<\/div>\n\n\n\n<div class=\"wp-block-uagb-container uagb-block-bec83022\">\n<div class=\"wp-block-uagb-image uagb-block-ce36cd02 wp-block-uagb-image--layout-default wp-block-uagb-image--effect-static wp-block-uagb-image--align-none\"><figure class=\"wp-block-uagb-image__figure\"><img decoding=\"async\" srcset=\"https:\/\/www.brakelradau.de\/wordpress_a\/wp-content\/uploads\/2025\/01\/Radau_Kraenzen_2025-2.jpg ,https:\/\/www.brakelradau.de\/wordpress_a\/wp-content\/uploads\/2025\/01\/Radau_Kraenzen_2025-2.jpg 780w, https:\/\/www.brakelradau.de\/wordpress_a\/wp-content\/uploads\/2025\/01\/Radau_Kraenzen_2025-2.jpg 360w\" sizes=\"auto, (max-width: 480px) 150px\" src=\"https:\/\/www.brakelradau.de\/wordpress_a\/wp-content\/uploads\/2025\/01\/Radau_Kraenzen_2025-2.jpg\" alt=\"\" class=\"uag-image-2388\" width=\"600\" height=\"400\" title=\"Radau_Kr\u00e4nzen_2025-2\" loading=\"lazy\" role=\"img\"\/><\/figure><\/div>\n<\/div>\n<\/div><\/div>\n","protected":false},"excerpt":{"rendered":"<p>Brakel, 12.01.2025Traditionell fand am Tag nach der Proklamation das Kr\u00e4nzen statt.Die Karnevalisten von Brakel Radau versammelten sich dazu am fr\u00fchen Nachmittag bei Prinz Andreas II.Den eisigen Temperaturen zum Trotz wurden Kranz und Stra\u00dfenschild professionell angebracht.Anschlie\u00dfend wurde auf den neuen Prinzen mit einem dreifach donnernden Brakel Radau angesto\u00dfen.<\/p>\n","protected":false},"author":1,"featured_media":2390,"comment_status":"closed","ping_status":"","sticky":false,"template":"","format":"standard","meta":{"_uag_custom_page_level_css":"","site-sidebar-layout":"default","site-content-layout":"","ast-site-content-layout":"default","site-content-style":"default","site-sidebar-style":"default","ast-global-header-display":"","ast-banner-title-visibility":"","ast-main-header-display":"","ast-hfb-above-header-display":"","ast-hfb-below-header-display":"","ast-hfb-mobile-header-display":"","site-post-title":"","ast-breadcrumbs-content":"","ast-featured-img":"","footer-sml-layout":"","ast-disable-related-posts":"","theme-transparent-header-meta":"","adv-header-id-meta":"","stick-header-meta":"","header-above-stick-meta":"","header-main-stick-meta":"","header-below-stick-meta":"","astra-migrate-meta-layouts":"set","ast-page-background-enabled":"default","ast-page-background-meta":{"desktop":{"background-color":"","background-image":"","background-repeat":"repeat","background-position":"center center","background-size":"auto","background-attachment":"scroll","background-type":"","background-media":"","overlay-type":"","overlay-color":"","overlay-opacity":"","overlay-gradient":""},"tablet":{"background-color":"","background-image":"","background-repeat":"repeat","background-position":"center center","background-size":"auto","background-attachment":"scroll","background-type":"","background-media":"","overlay-type":"","overlay-color":"","overlay-opacity":"","overlay-gradient":""},"mobile":{"background-color":"","background-image":"","background-repeat":"repeat","background-position":"center center","background-size":"auto","background-attachment":"scroll","background-type":"","background-media":"","overlay-type":"","overlay-color":"","overlay-opacity":"","overlay-gradient":""}},"ast-content-background-meta":{"desktop":{"background-color":"var(--ast-global-color-5)","background-image":"","background-repeat":"repeat","background-position":"center center","background-size":"auto","background-attachment":"scroll","background-type":"","background-media":"","overlay-type":"","overlay-color":"","overlay-opacity":"","overlay-gradient":""},"tablet":{"background-color":"var(--ast-global-color-5)","background-image":"","background-repeat":"repeat","background-position":"center center","background-size":"auto","background-attachment":"scroll","background-type":"","background-media":"","overlay-type":"","overlay-color":"","overlay-opacity":"","overlay-gradient":""},"mobile":{"background-color":"var(--ast-global-color-5)","background-image":"","background-repeat":"repeat","background-position":"center center","background-size":"auto","background-attachment":"scroll","background-type":"","background-media":"","overlay-type":"","overlay-color":"","overlay-opacity":"","overlay-gradient":""}},"footnotes":""},"categories":[1],"tags":[],"class_list":["post-2402","post","type-post","status-publish","format-standard","has-post-thumbnail","hentry","category-allgemein"],"uagb_featured_image_src":{"full":["https:\/\/www.brakelradau.de\/wordpress_a\/wp-content\/uploads\/2025\/01\/Radau_Kraenzen_2025-4.jpg",600,600,false],"thumbnail":["https:\/\/www.brakelradau.de\/wordpress_a\/wp-content\/uploads\/2025\/01\/Radau_Kraenzen_2025-4-150x150.jpg",150,150,true],"medium":["https:\/\/www.brakelradau.de\/wordpress_a\/wp-content\/uploads\/2025\/01\/Radau_Kraenzen_2025-4-300x300.jpg",300,300,true],"medium_large":["https:\/\/www.brakelradau.de\/wordpress_a\/wp-content\/uploads\/2025\/01\/Radau_Kraenzen_2025-4.jpg",600,600,false],"large":["https:\/\/www.brakelradau.de\/wordpress_a\/wp-content\/uploads\/2025\/01\/Radau_Kraenzen_2025-4.jpg",600,600,false],"1536x1536":["https:\/\/www.brakelradau.de\/wordpress_a\/wp-content\/uploads\/2025\/01\/Radau_Kraenzen_2025-4.jpg",600,600,false],"2048x2048":["https:\/\/www.brakelradau.de\/wordpress_a\/wp-content\/uploads\/2025\/01\/Radau_Kraenzen_2025-4.jpg",600,600,false]},"uagb_author_info":{"display_name":"Mark Elberg","author_link":"https:\/\/www.brakelradau.de\/wordpress_a\/author\/radau_2025\/"},"uagb_comment_info":0,"uagb_excerpt":"Brakel, 12.01.2025Traditionell fand am Tag nach der Proklamation das Kr\u00e4nzen statt.Die Karnevalisten von Brakel Radau versammelten sich dazu am fr\u00fchen Nachmittag bei Prinz Andreas II.Den eisigen Temperaturen zum Trotz wurden Kranz und Stra\u00dfenschild professionell angebracht.Anschlie\u00dfend wurde auf den neuen Prinzen mit einem dreifach donnernden Brakel Radau angesto\u00dfen.","_links":{"self":[{"href":"https:\/\/www.brakelradau.de\/wordpress_a\/wp-json\/wp\/v2\/posts\/2402","targetHints":{"allow":["GET"]}}],"collection":[{"href":"https:\/\/www.brakelradau.de\/wordpress_a\/wp-json\/wp\/v2\/posts"}],"about":[{"href":"https:\/\/www.brakelradau.de\/wordpress_a\/wp-json\/wp\/v2\/types\/post"}],"author":[{"embeddable":true,"href":"https:\/\/www.brakelradau.de\/wordpress_a\/wp-json\/wp\/v2\/users\/1"}],"replies":[{"embeddable":true,"href":"https:\/\/www.brakelradau.de\/wordpress_a\/wp-json\/wp\/v2\/comments?post=2402"}],"version-history":[{"count":1,"href":"https:\/\/www.brakelradau.de\/wordpress_a\/wp-json\/wp\/v2\/posts\/2402\/revisions"}],"predecessor-version":[{"id":2403,"href":"https:\/\/www.brakelradau.de\/wordpress_a\/wp-json\/wp\/v2\/posts\/2402\/revisions\/2403"}],"wp:featuredmedia":[{"embeddable":true,"href":"https:\/\/www.brakelradau.de\/wordpress_a\/wp-json\/wp\/v2\/media\/2390"}],"wp:attachment":[{"href":"https:\/\/www.brakelradau.de\/wordpress_a\/wp-json\/wp\/v2\/media?parent=2402"}],"wp:term":[{"taxonomy":"category","embeddable":true,"href":"https:\/\/www.brakelradau.de\/wordpress_a\/wp-json\/wp\/v2\/categories?post=2402"},{"taxonomy":"post_tag","embeddable":true,"href":"https:\/\/www.brakelradau.de\/wordpress_a\/wp-json\/wp\/v2\/tags?post=2402"}],"curies":[{"name":"wp","href":"https:\/\/api.w.org\/{rel}","templated":true}]}}